{"id":2220,"date":"2024-02-01T11:02:52","date_gmt":"2024-02-01T11:02:52","guid":{"rendered":"https:\/\/eixample-elprat.residenciaslatorreta.com\/formacion-trabajadores-la-torreta-eixample-prat-trabajamos-la-igualdad\/"},"modified":"2024-11-22T12:09:39","modified_gmt":"2024-11-22T12:09:39","slug":"formacion-trabajadores-la-torreta-eixample-prat-trabajamos-la-igualdad","status":"publish","type":"post","link":"https:\/\/eixample-elprat.residenciaslatorreta.com\/ca\/formacion-trabajadores-la-torreta-eixample-prat-trabajamos-la-igualdad\/","title":{"rendered":"FORMACI\u00d3 TREBALLADORS LA TORRETA EIXAMPLE EL PRAT. TREBALLEM PER LA IGUALTAT"},"content":{"rendered":"<p id=\"tw-target-text\" class=\"tw-data-text tw-text-large tw-ta\" dir=\"ltr\" data-placeholder=\"Translation\" data-ved=\"2ahUKEwjA7s7ewpaEAxWdgP0HHXHyCyIQ3ewLegQICBAU\">Presentem a la plantilla el comprom\u00eds real i efectiu de l&#8217;empresa en la implantaci\u00f3 del pla d&#8217;igualtat amb la implantaci\u00f3 progressiva de pol\u00edtiques de gesti\u00f3:<\/p>\n<p>-m\u00e9s participatives<\/p>\n<p>-integradores<\/p>\n<p>-respectuoses amb la diversitat<\/p>\n<p>-compromeses amb\u00a0l&#8217;eradicaci\u00f3\u00a0de situacions de discriminaci\u00f3 i viol\u00e8ncia<\/p>\n<p>-promotors de la igualtat entre homes i dones eliminant obstacles i estereotips socials contraris a la igualtat.<\/p>\n<p dir=\"ltr\" data-placeholder=\"Translation\" data-ved=\"2ahUKEwjA7s7ewpaEAxWdgP0HHXHyCyIQ3ewLegQICBAU\">Tamb\u00e9 s&#8217;ha explicat l&#8217;aplicaci\u00f3 del protocol per a la prevenci\u00f3 i actuaci\u00f3 davant l&#8217;assetjament sexual, l&#8217;assetjament per raons de sexe i l&#8217;assetjament laboral.<\/p>\n<p dir=\"ltr\" data-placeholder=\"Translation\" data-ved=\"2ahUKEwjA7s7ewpaEAxWdgP0HHXHyCyIQ3ewLegQICBAU\">\n<p dir=\"ltr\" data-placeholder=\"Translation\" data-ved=\"2ahUKEwjA7s7ewpaEAxWdgP0HHXHyCyIQ3ewLegQICBAU\">1 de Febrer 2024<\/p>\n<p dir=\"ltr\" data-placeholder=\"Translation\" data-ved=\"2ahUKEwjA7s7ewpaEAxWdgP0HHXHyCyIQ3ewLegQICBAU\">.<img loading=\"lazy\" decoding=\"async\" class=\"alignnone size-medium wp-image-2244\" src=\"https:\/\/eixample-elprat.residenciaslatorreta.com\/wp-content\/uploads\/2023\/11\/Pla-igualtat-formacio-2-230x300.png\" alt=\"Formaci\u00f3n plan de igualdad\" width=\"230\" height=\"300\" srcset=\"https:\/\/eixample-elprat.residenciaslatorreta.com\/wp-content\/uploads\/2023\/11\/Pla-igualtat-formacio-2-230x300.png 230w, https:\/\/eixample-elprat.residenciaslatorreta.com\/wp-content\/uploads\/2023\/11\/Pla-igualtat-formacio-2.png 519w\" sizes=\"auto, (max-width: 230px) 100vw, 230px\" \/>\u00a0 \u00a0 <img loading=\"lazy\" decoding=\"async\" class=\"alignnone size-medium wp-image-2224\" src=\"https:\/\/eixample-elprat.residenciaslatorreta.com\/wp-content\/uploads\/2024\/02\/FORMACION-PLAN-DE-IGUALDAD-300x205.png\" alt=\"Formaci\u00f3n plan de igualdad\" width=\"300\" height=\"205\" srcset=\"https:\/\/eixample-elprat.residenciaslatorreta.com\/wp-content\/uploads\/2024\/02\/FORMACION-PLAN-DE-IGUALDAD-300x205.png 300w, https:\/\/eixample-elprat.residenciaslatorreta.com\/wp-content\/uploads\/2024\/02\/FORMACION-PLAN-DE-IGUALDAD-768x526.png 768w, https:\/\/eixample-elprat.residenciaslatorreta.com\/wp-content\/uploads\/2024\/02\/FORMACION-PLAN-DE-IGUALDAD-700x479.png 700w, https:\/\/eixample-elprat.residenciaslatorreta.com\/wp-content\/uploads\/2024\/02\/FORMACION-PLAN-DE-IGUALDAD.png 914w\" sizes=\"auto, (max-width: 300px) 100vw, 300px\" \/>\u00a0 \u00a0 <img loading=\"lazy\" decoding=\"async\" class=\"alignnone size-medium wp-image-2242\" src=\"https:\/\/eixample-elprat.residenciaslatorreta.com\/wp-content\/uploads\/2023\/11\/Pla-igualtat-formacio-3-300x230.png\" alt=\"Formaci\u00f3n plan de igualdad\" width=\"300\" height=\"230\" srcset=\"https:\/\/eixample-elprat.residenciaslatorreta.com\/wp-content\/uploads\/2023\/11\/Pla-igualtat-formacio-3-300x230.png 300w, https:\/\/eixample-elprat.residenciaslatorreta.com\/wp-content\/uploads\/2023\/11\/Pla-igualtat-formacio-3-768x589.png 768w, https:\/\/eixample-elprat.residenciaslatorreta.com\/wp-content\/uploads\/2023\/11\/Pla-igualtat-formacio-3-700x536.png 700w, https:\/\/eixample-elprat.residenciaslatorreta.com\/wp-content\/uploads\/2023\/11\/Pla-igualtat-formacio-3.png 869w\" sizes=\"auto, (max-width: 300px) 100vw, 300px\" \/><\/p>\n","protected":false},"excerpt":{"rendered":"<p>Presentem a la plantilla el comprom\u00eds real i efectiu de l&#8217;empresa en la implantaci\u00f3 del pla d&#8217;igualtat amb la implantaci\u00f3 progressiva de pol\u00edtiques de gesti\u00f3: -m\u00e9s participatives -integradores -respectuoses amb la diversitat -compromeses amb\u00a0l&#8217;eradicaci\u00f3\u00a0de situacions de discriminaci\u00f3 i viol\u00e8ncia -promotors de la igualtat entre homes&#8230;<\/p>\n","protected":false},"author":1,"featured_media":2224,"comment_status":"closed","ping_status":"open","sticky":false,"template":"","format":"standard","meta":{"footnotes":""},"categories":[8],"tags":[],"yst_prominent_words":[],"class_list":["post-2220","post","type-post","status-publish","format-standard","has-post-thumbnail","hentry","category-sense-categoria"],"_links":{"self":[{"href":"https:\/\/eixample-elprat.residenciaslatorreta.com\/ca\/wp-json\/wp\/v2\/posts\/2220","targetHints":{"allow":["GET"]}}],"collection":[{"href":"https:\/\/eixample-elprat.residenciaslatorreta.com\/ca\/wp-json\/wp\/v2\/posts"}],"about":[{"href":"https:\/\/eixample-elprat.residenciaslatorreta.com\/ca\/wp-json\/wp\/v2\/types\/post"}],"author":[{"embeddable":true,"href":"https:\/\/eixample-elprat.residenciaslatorreta.com\/ca\/wp-json\/wp\/v2\/users\/1"}],"replies":[{"embeddable":true,"href":"https:\/\/eixample-elprat.residenciaslatorreta.com\/ca\/wp-json\/wp\/v2\/comments?post=2220"}],"version-history":[{"count":6,"href":"https:\/\/eixample-elprat.residenciaslatorreta.com\/ca\/wp-json\/wp\/v2\/posts\/2220\/revisions"}],"predecessor-version":[{"id":2302,"href":"https:\/\/eixample-elprat.residenciaslatorreta.com\/ca\/wp-json\/wp\/v2\/posts\/2220\/revisions\/2302"}],"wp:featuredmedia":[{"embeddable":true,"href":"https:\/\/eixample-elprat.residenciaslatorreta.com\/ca\/wp-json\/wp\/v2\/media\/2224"}],"wp:attachment":[{"href":"https:\/\/eixample-elprat.residenciaslatorreta.com\/ca\/wp-json\/wp\/v2\/media?parent=2220"}],"wp:term":[{"taxonomy":"category","embeddable":true,"href":"https:\/\/eixample-elprat.residenciaslatorreta.com\/ca\/wp-json\/wp\/v2\/categories?post=2220"},{"taxonomy":"post_tag","embeddable":true,"href":"https:\/\/eixample-elprat.residenciaslatorreta.com\/ca\/wp-json\/wp\/v2\/tags?post=2220"},{"taxonomy":"yst_prominent_words","embeddable":true,"href":"https:\/\/eixample-elprat.residenciaslatorreta.com\/ca\/wp-json\/wp\/v2\/yst_prominent_words?post=2220"}],"curies":[{"name":"wp","href":"https:\/\/api.w.org\/{rel}","templated":true}]}}