{"id":2255,"date":"2024-03-11T11:57:56","date_gmt":"2024-03-11T11:57:56","guid":{"rendered":"https:\/\/eixample-elprat.residenciaslatorreta.com\/?p=2255"},"modified":"2024-11-22T12:13:11","modified_gmt":"2024-11-22T12:13:11","slug":"8-marc-dia-internacional-les-dones","status":"publish","type":"post","link":"https:\/\/eixample-elprat.residenciaslatorreta.com\/ca\/8-marc-dia-internacional-les-dones\/","title":{"rendered":"8 DE MAR\u00c7 DIA INTERNACIONAL DE LES DONES"},"content":{"rendered":"<p><strong>Per un futur cada dia m\u00e9s proper a la igualtat<\/strong><\/p>\n<p>L \u00b4origen del dia internacional de la dona, (anteriorment conegut com dia de la dona treballadora) commemora cada 8 de mar\u00e7 la lluita de les dones per la igualtat en els seus drets . Serveix per reivindicar el paper de la dona a la societat i per construir un futur per les properes generacions amb igualtat d\u00b4oportunitats entre homes i dones. Actualment encara existeix un sostre de vidre sobretot pel que fa a c\u00e0rrecs superiors que hem de trencar.<\/p>\n<p>La cura de les persones grans sovint ha recaigut en la dona. L\u00b4 evoluci\u00f3 de la dona en els \u00faltims 50 anys ha millorat molt en temes de progr\u00e9s i tamb\u00e9 ens ha portat la posada en vigor de la llei de depend\u00e8ncia i gr\u00e0cies a aquesta llei hem millorat molt en aquest sentit ja que disposem de m\u00e9s recursos i ajudes.<\/p>\n<p>Per\u00f2 cal seguir avan\u00e7ant ja que la bretxa de g\u00e8nere avui encara persisteix i les dones continuen dedicant m\u00e9s hores que els homes a tasques dom\u00e8stiques o a la cura de fills i altres familiars.<\/p>\n<p><strong>La Diversitat Suma<\/strong><\/p>\n<p>El nostre sector d \u00b4Atenci\u00f3 a les persones grans \u00e9s un sector clarament feminitzat a la nostra societat i per aix\u00f2 fomentem la igualtat d\u00b4oportunitats entre homes i dones a la nostra entitat. Des de la nostra organitzaci\u00f3 tenim en compte les compet\u00e8ncies i habilitats de les nostres persones treballadores independentment del seu g\u00e8nere.<\/p>\n<p>Actualment a Resid\u00e8ncies La Torreta disposem d\u00b4 amplia pres\u00e8ncia femenina en tots els departaments de l \u00b4empresa des de Direcci\u00f3, Equip de t\u00e8cnics, Infermeria i Auxiliars d\u00b4infermeria i resta de serveis i departaments constituint un 85% de la plantilla. Estem contentes de celebrar tamb\u00e9 ara que comptem amb un 15% de pres\u00e8ncia masculina en el nostre grup, la qual cosa \u00e9s un indicador clar de la normalitzaci\u00f3 social per la qual estem tots lluitant.<\/p>\n<p><strong>Empoderament de les Dones<\/strong><\/p>\n<p>Des de Residencies La Torreta felicitem i homenatgem a totes les dones per la seva contribuci\u00f3 a la societat i lluitem per seguir fent cam\u00ed en el seu empoderament. \u00a0Perqu\u00e8 empoderar les dones \u00e9s invertir en progr\u00e9s i en un m\u00f3n m\u00e9s sa, m\u00e9s hum\u00e0 i sostenible per a tots.<\/p>\n<p>&nbsp;<\/p>\n<p>8 de mar\u00e7 de 2024<\/p>\n<p><img loading=\"lazy\" decoding=\"async\" class=\"alignnone size-medium wp-image-2251\" src=\"https:\/\/eixample-elprat.residenciaslatorreta.com\/wp-content\/uploads\/2024\/03\/Dia-de-la-dona-residencia-Eixample-el-Prat-300x294.png\" alt=\"Dia de la dona residencia Eixample el Prat\" width=\"300\" height=\"294\" srcset=\"https:\/\/eixample-elprat.residenciaslatorreta.com\/wp-content\/uploads\/2024\/03\/Dia-de-la-dona-residencia-Eixample-el-Prat-300x294.png 300w, https:\/\/eixample-elprat.residenciaslatorreta.com\/wp-content\/uploads\/2024\/03\/Dia-de-la-dona-residencia-Eixample-el-Prat-700x687.png 700w, https:\/\/eixample-elprat.residenciaslatorreta.com\/wp-content\/uploads\/2024\/03\/Dia-de-la-dona-residencia-Eixample-el-Prat.png 743w\" sizes=\"auto, (max-width: 300px) 100vw, 300px\" \/><\/p>\n","protected":false},"excerpt":{"rendered":"<p>Per un futur cada dia m\u00e9s proper a la igualtat L \u00b4origen del dia internacional de la dona, (anteriorment conegut com dia de la dona treballadora) commemora cada 8 de mar\u00e7 la lluita de les dones per la igualtat en els seus drets . Serveix&#8230;<\/p>\n","protected":false},"author":2,"featured_media":2252,"comment_status":"closed","ping_status":"open","sticky":false,"template":"","format":"standard","meta":{"footnotes":""},"categories":[8],"tags":[],"yst_prominent_words":[],"class_list":["post-2255","post","type-post","status-publish","format-standard","has-post-thumbnail","hentry","category-sense-categoria"],"_links":{"self":[{"href":"https:\/\/eixample-elprat.residenciaslatorreta.com\/ca\/wp-json\/wp\/v2\/posts\/2255","targetHints":{"allow":["GET"]}}],"collection":[{"href":"https:\/\/eixample-elprat.residenciaslatorreta.com\/ca\/wp-json\/wp\/v2\/posts"}],"about":[{"href":"https:\/\/eixample-elprat.residenciaslatorreta.com\/ca\/wp-json\/wp\/v2\/types\/post"}],"author":[{"embeddable":true,"href":"https:\/\/eixample-elprat.residenciaslatorreta.com\/ca\/wp-json\/wp\/v2\/users\/2"}],"replies":[{"embeddable":true,"href":"https:\/\/eixample-elprat.residenciaslatorreta.com\/ca\/wp-json\/wp\/v2\/comments?post=2255"}],"version-history":[{"count":3,"href":"https:\/\/eixample-elprat.residenciaslatorreta.com\/ca\/wp-json\/wp\/v2\/posts\/2255\/revisions"}],"predecessor-version":[{"id":2306,"href":"https:\/\/eixample-elprat.residenciaslatorreta.com\/ca\/wp-json\/wp\/v2\/posts\/2255\/revisions\/2306"}],"wp:featuredmedia":[{"embeddable":true,"href":"https:\/\/eixample-elprat.residenciaslatorreta.com\/ca\/wp-json\/wp\/v2\/media\/2252"}],"wp:attachment":[{"href":"https:\/\/eixample-elprat.residenciaslatorreta.com\/ca\/wp-json\/wp\/v2\/media?parent=2255"}],"wp:term":[{"taxonomy":"category","embeddable":true,"href":"https:\/\/eixample-elprat.residenciaslatorreta.com\/ca\/wp-json\/wp\/v2\/categories?post=2255"},{"taxonomy":"post_tag","embeddable":true,"href":"https:\/\/eixample-elprat.residenciaslatorreta.com\/ca\/wp-json\/wp\/v2\/tags?post=2255"},{"taxonomy":"yst_prominent_words","embeddable":true,"href":"https:\/\/eixample-elprat.residenciaslatorreta.com\/ca\/wp-json\/wp\/v2\/yst_prominent_words?post=2255"}],"curies":[{"name":"wp","href":"https:\/\/api.w.org\/{rel}","templated":true}]}}