{"id":2294,"date":"2024-05-02T10:44:41","date_gmt":"2024-05-02T10:44:41","guid":{"rendered":"https:\/\/eixample-elprat.residenciaslatorreta.com\/comision-seguimiento-plan-igualdad\/"},"modified":"2024-05-02T11:09:33","modified_gmt":"2024-05-02T11:09:33","slug":"comision-seguimiento-plan-igualdad","status":"publish","type":"post","link":"https:\/\/eixample-elprat.residenciaslatorreta.com\/ca\/comision-seguimiento-plan-igualdad\/","title":{"rendered":"COMISSI\u00d3 SEGUIMENT PLA D\u00b4IGUALTAT"},"content":{"rendered":"<p>&nbsp;<\/p>\n<p>Fa uns dies vam celebrar a Residencia Eixample El Prat la comissi\u00f3 del seguiment del pla d\u00b4igualtat.<\/p>\n<p>Es va revisar\u00a0 el grau d\u2019assoliment dels objectius\u00a0marcats en el pla i es va valorar molt\u00a0 be el seu grau d\u2019implantaci\u00f3<\/p>\n<p>Es van presentar tamb\u00e9 les accions de futur immediat previstes i es va presentar al nou membre de la comissi\u00f3 en representaci\u00f3 dels treballadors de l\u2019empresa, un dels auxiliars del nostre equip de personal gerocultor.<\/p>\n<p>Es va evidenciar la bona sintonia entre tots els membres de la comissi\u00f3, el comprom\u00eds amb la igualtat efectiva i les ganes de seguir avan\u00e7ant\u00a0 i creixent en el nostre projecte des de la igualtat<\/p>\n<p>Es va acordar constituir una comissi\u00f3 de valoraci\u00f3 de llocs de Treball, seguint les recomanacions del Ministeri de Treball i que es reunir\u00e0 per primer cop el proper dia 6 de maig.<\/p>\n<p>&nbsp;<\/p>\n<p>Abril 8, 2024<\/p>\n<p>&nbsp;<\/p>\n<p>COMIT\u00c8 D\u00b4IGUALTAT<\/p>\n<p>&nbsp;<\/p>\n<p><img loading=\"lazy\" decoding=\"async\" class=\"alignnone size-medium wp-image-2289\" src=\"https:\/\/eixample-elprat.residenciaslatorreta.com\/wp-content\/uploads\/2024\/05\/Comissio-seguiment-pla-igualtat-La-Torreta-300x200.png\" alt=\"Comissio\u0301 seguiment pla igualtat La Torreta\" width=\"300\" height=\"200\" srcset=\"https:\/\/eixample-elprat.residenciaslatorreta.com\/wp-content\/uploads\/2024\/05\/Comissio-seguiment-pla-igualtat-La-Torreta-300x200.png 300w, https:\/\/eixample-elprat.residenciaslatorreta.com\/wp-content\/uploads\/2024\/05\/Comissio-seguiment-pla-igualtat-La-Torreta-768x511.png 768w, https:\/\/eixample-elprat.residenciaslatorreta.com\/wp-content\/uploads\/2024\/05\/Comissio-seguiment-pla-igualtat-La-Torreta-700x466.png 700w, https:\/\/eixample-elprat.residenciaslatorreta.com\/wp-content\/uploads\/2024\/05\/Comissio-seguiment-pla-igualtat-La-Torreta.png 932w\" sizes=\"auto, (max-width: 300px) 100vw, 300px\" \/><\/p>\n","protected":false},"excerpt":{"rendered":"<p>&nbsp; Fa uns dies vam celebrar a Residencia Eixample El Prat la comissi\u00f3 del seguiment del pla d\u00b4igualtat. Es va revisar\u00a0 el grau d\u2019assoliment dels objectius\u00a0marcats en el pla i es va valorar molt\u00a0 be el seu grau d\u2019implantaci\u00f3 Es van presentar tamb\u00e9 les accions&#8230;<\/p>\n","protected":false},"author":2,"featured_media":2290,"comment_status":"closed","ping_status":"open","sticky":false,"template":"","format":"standard","meta":{"footnotes":""},"categories":[8],"tags":[],"yst_prominent_words":[],"class_list":["post-2294","post","type-post","status-publish","format-standard","has-post-thumbnail","hentry","category-sense-categoria"],"_links":{"self":[{"href":"https:\/\/eixample-elprat.residenciaslatorreta.com\/ca\/wp-json\/wp\/v2\/posts\/2294","targetHints":{"allow":["GET"]}}],"collection":[{"href":"https:\/\/eixample-elprat.residenciaslatorreta.com\/ca\/wp-json\/wp\/v2\/posts"}],"about":[{"href":"https:\/\/eixample-elprat.residenciaslatorreta.com\/ca\/wp-json\/wp\/v2\/types\/post"}],"author":[{"embeddable":true,"href":"https:\/\/eixample-elprat.residenciaslatorreta.com\/ca\/wp-json\/wp\/v2\/users\/2"}],"replies":[{"embeddable":true,"href":"https:\/\/eixample-elprat.residenciaslatorreta.com\/ca\/wp-json\/wp\/v2\/comments?post=2294"}],"version-history":[{"count":1,"href":"https:\/\/eixample-elprat.residenciaslatorreta.com\/ca\/wp-json\/wp\/v2\/posts\/2294\/revisions"}],"predecessor-version":[{"id":2295,"href":"https:\/\/eixample-elprat.residenciaslatorreta.com\/ca\/wp-json\/wp\/v2\/posts\/2294\/revisions\/2295"}],"wp:featuredmedia":[{"embeddable":true,"href":"https:\/\/eixample-elprat.residenciaslatorreta.com\/ca\/wp-json\/wp\/v2\/media\/2290"}],"wp:attachment":[{"href":"https:\/\/eixample-elprat.residenciaslatorreta.com\/ca\/wp-json\/wp\/v2\/media?parent=2294"}],"wp:term":[{"taxonomy":"category","embeddable":true,"href":"https:\/\/eixample-elprat.residenciaslatorreta.com\/ca\/wp-json\/wp\/v2\/categories?post=2294"},{"taxonomy":"post_tag","embeddable":true,"href":"https:\/\/eixample-elprat.residenciaslatorreta.com\/ca\/wp-json\/wp\/v2\/tags?post=2294"},{"taxonomy":"yst_prominent_words","embeddable":true,"href":"https:\/\/eixample-elprat.residenciaslatorreta.com\/ca\/wp-json\/wp\/v2\/yst_prominent_words?post=2294"}],"curies":[{"name":"wp","href":"https:\/\/api.w.org\/{rel}","templated":true}]}}