{"id":2307,"date":"2024-11-22T12:16:25","date_gmt":"2024-11-22T12:16:25","guid":{"rendered":"https:\/\/eixample-elprat.residenciaslatorreta.com\/?p=2307"},"modified":"2024-11-22T12:17:53","modified_gmt":"2024-11-22T12:17:53","slug":"reconeixement-residencia-hospitalaria-la-torreta","status":"publish","type":"post","link":"https:\/\/eixample-elprat.residenciaslatorreta.com\/ca\/reconeixement-residencia-hospitalaria-la-torreta\/","title":{"rendered":"RECONEIXEMENT RESID\u00c8NCIA HOSPITAL\u00c0RIA LA TORRETA"},"content":{"rendered":"<p>El passat 18 de Novembre se\u00b4ns va fer entrega del reconeixement de Resid\u00e8ncia Hospital\u00e0ria per part del CRI Creu dels Molers Serveis Socials de l \u00b4Hospital de Sant Joan de D\u00e9u pel seu suport en la inserci\u00f3 laboral de persones en situaci\u00f3 de sense llar i la construcci\u00f3 d\u00b4un futur digne.<\/p>\n<p>Aquests serveis socials ofereixen programes d\u00b4arrelament per formaci\u00f3 a persones amb risc d\u2019exclusi\u00f3 social o nouvingudes proporcionant-les una llar temporal i un futur.<\/p>\n<p>Des de resid\u00e8ncies La Torreta hem col\u00b7laborat a trav\u00e9s del seu programa d\u00b4arrelament per formaci\u00f3 proporcionant aquest tipus de contracte laboral per permetre regularitzar la situaci\u00f3 d&#8217;aquestes persones.<\/p>\n<p>Novembre 18, 2024<\/p>\n<p>&nbsp;<\/p>\n<p><img loading=\"lazy\" decoding=\"async\" class=\"alignnone size-medium wp-image-2309\" src=\"https:\/\/eixample-elprat.residenciaslatorreta.com\/wp-content\/uploads\/2024\/11\/RECONEIXEMENT-RESIDENCIA-HOSPITALARIA-LA-TORRETA-300x220.png\" alt=\"Pla d'igualtat\" width=\"300\" height=\"220\" srcset=\"https:\/\/eixample-elprat.residenciaslatorreta.com\/wp-content\/uploads\/2024\/11\/RECONEIXEMENT-RESIDENCIA-HOSPITALARIA-LA-TORRETA-300x220.png 300w, https:\/\/eixample-elprat.residenciaslatorreta.com\/wp-content\/uploads\/2024\/11\/RECONEIXEMENT-RESIDENCIA-HOSPITALARIA-LA-TORRETA-768x564.png 768w, https:\/\/eixample-elprat.residenciaslatorreta.com\/wp-content\/uploads\/2024\/11\/RECONEIXEMENT-RESIDENCIA-HOSPITALARIA-LA-TORRETA-700x514.png 700w, https:\/\/eixample-elprat.residenciaslatorreta.com\/wp-content\/uploads\/2024\/11\/RECONEIXEMENT-RESIDENCIA-HOSPITALARIA-LA-TORRETA.png 931w\" sizes=\"auto, (max-width: 300px) 100vw, 300px\" \/>\u00a0 \u00a0 \u00a0 \u00a0 \u00a0 \u00a0 \u00a0 \u00a0 \u00a0 <img loading=\"lazy\" decoding=\"async\" class=\"alignnone size-medium wp-image-2311\" src=\"https:\/\/eixample-elprat.residenciaslatorreta.com\/wp-content\/uploads\/2024\/11\/RECONEIXEMENT-RESIDENCIA-HOSPITALARIA-LA-TORRETA-2-300x229.png\" alt=\"\" width=\"300\" height=\"229\" srcset=\"https:\/\/eixample-elprat.residenciaslatorreta.com\/wp-content\/uploads\/2024\/11\/RECONEIXEMENT-RESIDENCIA-HOSPITALARIA-LA-TORRETA-2-300x229.png 300w, https:\/\/eixample-elprat.residenciaslatorreta.com\/wp-content\/uploads\/2024\/11\/RECONEIXEMENT-RESIDENCIA-HOSPITALARIA-LA-TORRETA-2-768x587.png 768w, https:\/\/eixample-elprat.residenciaslatorreta.com\/wp-content\/uploads\/2024\/11\/RECONEIXEMENT-RESIDENCIA-HOSPITALARIA-LA-TORRETA-2-500x380.png 500w, https:\/\/eixample-elprat.residenciaslatorreta.com\/wp-content\/uploads\/2024\/11\/RECONEIXEMENT-RESIDENCIA-HOSPITALARIA-LA-TORRETA-2-700x535.png 700w, https:\/\/eixample-elprat.residenciaslatorreta.com\/wp-content\/uploads\/2024\/11\/RECONEIXEMENT-RESIDENCIA-HOSPITALARIA-LA-TORRETA-2.png 912w\" sizes=\"auto, (max-width: 300px) 100vw, 300px\" \/><\/p>\n","protected":false},"excerpt":{"rendered":"<p>El passat 18 de Novembre se\u00b4ns va fer entrega del reconeixement de Resid\u00e8ncia Hospital\u00e0ria per part del CRI Creu dels Molers Serveis Socials de l \u00b4Hospital de Sant Joan de D\u00e9u pel seu suport en la inserci\u00f3 laboral de persones en situaci\u00f3 de sense llar&#8230;<\/p>\n","protected":false},"author":2,"featured_media":2311,"comment_status":"closed","ping_status":"open","sticky":false,"template":"","format":"standard","meta":{"footnotes":""},"categories":[8],"tags":[],"yst_prominent_words":[],"class_list":["post-2307","post","type-post","status-publish","format-standard","has-post-thumbnail","hentry","category-sense-categoria"],"_links":{"self":[{"href":"https:\/\/eixample-elprat.residenciaslatorreta.com\/ca\/wp-json\/wp\/v2\/posts\/2307","targetHints":{"allow":["GET"]}}],"collection":[{"href":"https:\/\/eixample-elprat.residenciaslatorreta.com\/ca\/wp-json\/wp\/v2\/posts"}],"about":[{"href":"https:\/\/eixample-elprat.residenciaslatorreta.com\/ca\/wp-json\/wp\/v2\/types\/post"}],"author":[{"embeddable":true,"href":"https:\/\/eixample-elprat.residenciaslatorreta.com\/ca\/wp-json\/wp\/v2\/users\/2"}],"replies":[{"embeddable":true,"href":"https:\/\/eixample-elprat.residenciaslatorreta.com\/ca\/wp-json\/wp\/v2\/comments?post=2307"}],"version-history":[{"count":2,"href":"https:\/\/eixample-elprat.residenciaslatorreta.com\/ca\/wp-json\/wp\/v2\/posts\/2307\/revisions"}],"predecessor-version":[{"id":2314,"href":"https:\/\/eixample-elprat.residenciaslatorreta.com\/ca\/wp-json\/wp\/v2\/posts\/2307\/revisions\/2314"}],"wp:featuredmedia":[{"embeddable":true,"href":"https:\/\/eixample-elprat.residenciaslatorreta.com\/ca\/wp-json\/wp\/v2\/media\/2311"}],"wp:attachment":[{"href":"https:\/\/eixample-elprat.residenciaslatorreta.com\/ca\/wp-json\/wp\/v2\/media?parent=2307"}],"wp:term":[{"taxonomy":"category","embeddable":true,"href":"https:\/\/eixample-elprat.residenciaslatorreta.com\/ca\/wp-json\/wp\/v2\/categories?post=2307"},{"taxonomy":"post_tag","embeddable":true,"href":"https:\/\/eixample-elprat.residenciaslatorreta.com\/ca\/wp-json\/wp\/v2\/tags?post=2307"},{"taxonomy":"yst_prominent_words","embeddable":true,"href":"https:\/\/eixample-elprat.residenciaslatorreta.com\/ca\/wp-json\/wp\/v2\/yst_prominent_words?post=2307"}],"curies":[{"name":"wp","href":"https:\/\/api.w.org\/{rel}","templated":true}]}}