{"id":2318,"date":"2024-11-22T12:23:56","date_gmt":"2024-11-22T12:23:56","guid":{"rendered":"https:\/\/eixample-elprat.residenciaslatorreta.com\/?p=2318"},"modified":"2024-11-22T12:25:11","modified_gmt":"2024-11-22T12:25:11","slug":"agraiment-jornada-empreses-per-locupacio-2024","status":"publish","type":"post","link":"https:\/\/eixample-elprat.residenciaslatorreta.com\/ca\/agraiment-jornada-empreses-per-locupacio-2024\/","title":{"rendered":"AGRA\u00cfMENT JORNADA EMPRESES PER L\u00b4OCUPACI\u00d3 2024"},"content":{"rendered":"<p>El passat 13 de novembre va tenir lloc al C\u00e8ntric Espai Cultural la 6a jornada Empreses per l\u2019Ocupaci\u00f3 per posar en valor la col\u00b7laboraci\u00f3 entre d\u00b4altres de La Torreta Eixample El Prat com a empresa que participa en les pol\u00edtiques d\u2019ocupaci\u00f3 municipals del Prat de Llobregat.<\/p>\n<p>Amb aquest acte es vol posar de manifest la necess\u00e0ria col\u00b7laboraci\u00f3 dins del teixit empresarial del municipi per facilitar l\u2019acc\u00e9s i perman\u00e8ncia de les persones del Prat a una ocupaci\u00f3 millor i de m\u00e9s qualitat.<\/p>\n<p>Tamb\u00e9 es va remarcar la import\u00e0ncia de la implicaci\u00f3 de les empreses en la implementaci\u00f3 de pol\u00edtiques actives d\u2019activaci\u00f3 ocupacional i formaci\u00f3 professional.<\/p>\n<p>Novembre 13, 2024<\/p>\n<p>&nbsp;<\/p>\n<p><img loading=\"lazy\" decoding=\"async\" class=\"alignnone size-medium wp-image-2319\" src=\"https:\/\/eixample-elprat.residenciaslatorreta.com\/wp-content\/uploads\/2024\/11\/iAGRAIMENT-JORNADA-EMPRESES-PER-L\u00b4OCUPACIO-jpg-300x200.jpg\" alt=\"Pla d'igualtat\" width=\"300\" height=\"200\" srcset=\"https:\/\/eixample-elprat.residenciaslatorreta.com\/wp-content\/uploads\/2024\/11\/iAGRAIMENT-JORNADA-EMPRESES-PER-L\u00b4OCUPACIO-jpg-300x200.jpg 300w, https:\/\/eixample-elprat.residenciaslatorreta.com\/wp-content\/uploads\/2024\/11\/iAGRAIMENT-JORNADA-EMPRESES-PER-L\u00b4OCUPACIO-jpg-1024x682.jpg 1024w, https:\/\/eixample-elprat.residenciaslatorreta.com\/wp-content\/uploads\/2024\/11\/iAGRAIMENT-JORNADA-EMPRESES-PER-L\u00b4OCUPACIO-jpg-768x512.jpg 768w, https:\/\/eixample-elprat.residenciaslatorreta.com\/wp-content\/uploads\/2024\/11\/iAGRAIMENT-JORNADA-EMPRESES-PER-L\u00b4OCUPACIO-jpg-1536x1024.jpg 1536w, https:\/\/eixample-elprat.residenciaslatorreta.com\/wp-content\/uploads\/2024\/11\/iAGRAIMENT-JORNADA-EMPRESES-PER-L\u00b4OCUPACIO-jpg-700x467.jpg 700w, https:\/\/eixample-elprat.residenciaslatorreta.com\/wp-content\/uploads\/2024\/11\/iAGRAIMENT-JORNADA-EMPRESES-PER-L\u00b4OCUPACIO-jpg.jpg 1571w\" sizes=\"auto, (max-width: 300px) 100vw, 300px\" \/><\/p>\n","protected":false},"excerpt":{"rendered":"<p>El passat 13 de novembre va tenir lloc al C\u00e8ntric Espai Cultural la 6a jornada Empreses per l\u2019Ocupaci\u00f3 per posar en valor la col\u00b7laboraci\u00f3 entre d\u00b4altres de La Torreta Eixample El Prat com a empresa que participa en les pol\u00edtiques d\u2019ocupaci\u00f3 municipals del Prat de&#8230;<\/p>\n","protected":false},"author":2,"featured_media":2319,"comment_status":"closed","ping_status":"open","sticky":false,"template":"","format":"standard","meta":{"footnotes":""},"categories":[8],"tags":[],"yst_prominent_words":[],"class_list":["post-2318","post","type-post","status-publish","format-standard","has-post-thumbnail","hentry","category-sense-categoria"],"_links":{"self":[{"href":"https:\/\/eixample-elprat.residenciaslatorreta.com\/ca\/wp-json\/wp\/v2\/posts\/2318","targetHints":{"allow":["GET"]}}],"collection":[{"href":"https:\/\/eixample-elprat.residenciaslatorreta.com\/ca\/wp-json\/wp\/v2\/posts"}],"about":[{"href":"https:\/\/eixample-elprat.residenciaslatorreta.com\/ca\/wp-json\/wp\/v2\/types\/post"}],"author":[{"embeddable":true,"href":"https:\/\/eixample-elprat.residenciaslatorreta.com\/ca\/wp-json\/wp\/v2\/users\/2"}],"replies":[{"embeddable":true,"href":"https:\/\/eixample-elprat.residenciaslatorreta.com\/ca\/wp-json\/wp\/v2\/comments?post=2318"}],"version-history":[{"count":1,"href":"https:\/\/eixample-elprat.residenciaslatorreta.com\/ca\/wp-json\/wp\/v2\/posts\/2318\/revisions"}],"predecessor-version":[{"id":2321,"href":"https:\/\/eixample-elprat.residenciaslatorreta.com\/ca\/wp-json\/wp\/v2\/posts\/2318\/revisions\/2321"}],"wp:featuredmedia":[{"embeddable":true,"href":"https:\/\/eixample-elprat.residenciaslatorreta.com\/ca\/wp-json\/wp\/v2\/media\/2319"}],"wp:attachment":[{"href":"https:\/\/eixample-elprat.residenciaslatorreta.com\/ca\/wp-json\/wp\/v2\/media?parent=2318"}],"wp:term":[{"taxonomy":"category","embeddable":true,"href":"https:\/\/eixample-elprat.residenciaslatorreta.com\/ca\/wp-json\/wp\/v2\/categories?post=2318"},{"taxonomy":"post_tag","embeddable":true,"href":"https:\/\/eixample-elprat.residenciaslatorreta.com\/ca\/wp-json\/wp\/v2\/tags?post=2318"},{"taxonomy":"yst_prominent_words","embeddable":true,"href":"https:\/\/eixample-elprat.residenciaslatorreta.com\/ca\/wp-json\/wp\/v2\/yst_prominent_words?post=2318"}],"curies":[{"name":"wp","href":"https:\/\/api.w.org\/{rel}","templated":true}]}}